{"id":40902,"date":"2025-12-10T14:06:11","date_gmt":"2025-12-10T13:06:11","guid":{"rendered":"https:\/\/www.schwarz-matt.com\/?p=40902"},"modified":"2025-12-10T14:08:52","modified_gmt":"2025-12-10T13:08:52","slug":"motion-designer-janno-buning-neu-bei-schwarzmatt","status":"publish","type":"post","link":"https:\/\/www.schwarz-matt.com\/de\/motion-designer-janno-buning-neu-bei-schwarzmatt\/","title":{"rendered":"Motion Designer Janno Buning neu im Team"},"content":{"rendered":"","protected":false},"excerpt":{"rendered":"","protected":false},"author":23,"featured_media":40870,"comment_status":"closed","ping_status":"closed","sticky":false,"template":"","format":"standard","meta":{"footnotes":""},"categories":[1],"tags":[],"class_list":["post-40902","post","type-post","status-publish","format-standard","has-post-thumbnail","hentry","category-news"],"yoast_head":"<!-- This site is optimized with the Yoast SEO Premium plugin v27.3 (Yoast SEO v27.5) - https:\/\/yoast.com\/product\/yoast-seo-premium-wordpress\/ -->\n<title>Motion Designer Janno Buning neu im Team - Schwarz+Matt<\/title>\n<meta name=\"description\" content=\"Der geb\u00fcrtige M\u00fcnsterl\u00e4nder konzipiert und gestaltet Motion Design f\u00fcr Social Media, Websites und Corporate Design.\" \/>\n<meta name=\"robots\" content=\"index, follow, max-snippet:-1, max-image-preview:large, max-video-preview:-1\" \/>\n<link rel=\"canonical\" href=\"https:\/\/www.schwarz-matt.com\/de\/motion-designer-janno-buning-neu-bei-schwarzmatt\/\" \/>\n<meta property=\"og:locale\" content=\"de_DE\" \/>\n<meta property=\"og:type\" content=\"article\" \/>\n<meta property=\"og:title\" content=\"Motion Designer Janno Buning neu im Team\" \/>\n<meta property=\"og:description\" content=\"Der geb\u00fcrtige M\u00fcnsterl\u00e4nder konzipiert und gestaltet Motion Design f\u00fcr Social Media, Websites und Corporate Design.\" \/>\n<meta property=\"og:url\" content=\"https:\/\/www.schwarz-matt.com\/de\/motion-designer-janno-buning-neu-bei-schwarzmatt\/\" \/>\n<meta property=\"og:site_name\" content=\"Schwarz+Matt\" \/>\n<meta property=\"article:published_time\" content=\"2025-12-10T13:06:11+00:00\" \/>\n<meta property=\"article:modified_time\" content=\"2025-12-10T13:08:52+00:00\" \/>\n<meta property=\"og:image\" content=\"https:\/\/www.schwarz-matt.com\/wp-content\/uploads\/2025\/12\/SM-MA_Janno-Buning_16-9.webp\" \/>\n\t<meta property=\"og:image:width\" content=\"1920\" \/>\n\t<meta property=\"og:image:height\" content=\"1080\" \/>\n\t<meta property=\"og:image:type\" content=\"image\/webp\" \/>\n<meta name=\"author\" content=\"Sarah Bellini\" \/>\n<meta name=\"twitter:card\" content=\"summary_large_image\" \/>\n<meta name=\"twitter:label1\" content=\"Verfasst von\" \/>\n\t<meta name=\"twitter:data1\" content=\"Sarah Bellini\" \/>\n\t<meta name=\"twitter:label2\" content=\"Gesch\u00e4tzte Lesezeit\" \/>\n\t<meta name=\"twitter:data2\" content=\"1\u00a0Minute\" \/>\n<script type=\"application\/ld+json\" class=\"yoast-schema-graph\">{\"@context\":\"https:\\\/\\\/schema.org\",\"@graph\":[{\"@type\":\"Article\",\"@id\":\"https:\\\/\\\/www.schwarz-matt.com\\\/de\\\/motion-designer-janno-buning-neu-bei-schwarzmatt\\\/#article\",\"isPartOf\":{\"@id\":\"https:\\\/\\\/www.schwarz-matt.com\\\/de\\\/motion-designer-janno-buning-neu-bei-schwarzmatt\\\/\"},\"author\":{\"name\":\"Sarah Bellini\",\"@id\":\"https:\\\/\\\/www.schwarz-matt.com\\\/de\\\/#\\\/schema\\\/person\\\/ffd4baf0bdf99aec3fc1ec46a87a66b2\"},\"headline\":\"Motion Designer Janno Buning neu im Team\",\"datePublished\":\"2025-12-10T13:06:11+00:00\",\"dateModified\":\"2025-12-10T13:08:52+00:00\",\"mainEntityOfPage\":{\"@id\":\"https:\\\/\\\/www.schwarz-matt.com\\\/de\\\/motion-designer-janno-buning-neu-bei-schwarzmatt\\\/\"},\"wordCount\":7,\"publisher\":{\"@id\":\"https:\\\/\\\/www.schwarz-matt.com\\\/de\\\/#organization\"},\"image\":{\"@id\":\"https:\\\/\\\/www.schwarz-matt.com\\\/de\\\/motion-designer-janno-buning-neu-bei-schwarzmatt\\\/#primaryimage\"},\"thumbnailUrl\":\"https:\\\/\\\/www.schwarz-matt.com\\\/wp-content\\\/uploads\\\/2025\\\/12\\\/SM-MA_Janno-Buning_16-9.webp\",\"articleSection\":[\"News\"],\"inLanguage\":\"de\"},{\"@type\":\"WebPage\",\"@id\":\"https:\\\/\\\/www.schwarz-matt.com\\\/de\\\/motion-designer-janno-buning-neu-bei-schwarzmatt\\\/\",\"url\":\"https:\\\/\\\/www.schwarz-matt.com\\\/de\\\/motion-designer-janno-buning-neu-bei-schwarzmatt\\\/\",\"name\":\"Motion Designer Janno Buning neu im Team - Schwarz+Matt\",\"isPartOf\":{\"@id\":\"https:\\\/\\\/www.schwarz-matt.com\\\/de\\\/#website\"},\"primaryImageOfPage\":{\"@id\":\"https:\\\/\\\/www.schwarz-matt.com\\\/de\\\/motion-designer-janno-buning-neu-bei-schwarzmatt\\\/#primaryimage\"},\"image\":{\"@id\":\"https:\\\/\\\/www.schwarz-matt.com\\\/de\\\/motion-designer-janno-buning-neu-bei-schwarzmatt\\\/#primaryimage\"},\"thumbnailUrl\":\"https:\\\/\\\/www.schwarz-matt.com\\\/wp-content\\\/uploads\\\/2025\\\/12\\\/SM-MA_Janno-Buning_16-9.webp\",\"datePublished\":\"2025-12-10T13:06:11+00:00\",\"dateModified\":\"2025-12-10T13:08:52+00:00\",\"description\":\"Der geb\u00fcrtige M\u00fcnsterl\u00e4nder konzipiert und gestaltet Motion Design f\u00fcr Social Media, Websites und Corporate Design.\",\"breadcrumb\":{\"@id\":\"https:\\\/\\\/www.schwarz-matt.com\\\/de\\\/motion-designer-janno-buning-neu-bei-schwarzmatt\\\/#breadcrumb\"},\"inLanguage\":\"de\",\"potentialAction\":[{\"@type\":\"ReadAction\",\"target\":[\"https:\\\/\\\/www.schwarz-matt.com\\\/de\\\/motion-designer-janno-buning-neu-bei-schwarzmatt\\\/\"]}]},{\"@type\":\"ImageObject\",\"inLanguage\":\"de\",\"@id\":\"https:\\\/\\\/www.schwarz-matt.com\\\/de\\\/motion-designer-janno-buning-neu-bei-schwarzmatt\\\/#primaryimage\",\"url\":\"https:\\\/\\\/www.schwarz-matt.com\\\/wp-content\\\/uploads\\\/2025\\\/12\\\/SM-MA_Janno-Buning_16-9.webp\",\"contentUrl\":\"https:\\\/\\\/www.schwarz-matt.com\\\/wp-content\\\/uploads\\\/2025\\\/12\\\/SM-MA_Janno-Buning_16-9.webp\",\"width\":1920,\"height\":1080},{\"@type\":\"BreadcrumbList\",\"@id\":\"https:\\\/\\\/www.schwarz-matt.com\\\/de\\\/motion-designer-janno-buning-neu-bei-schwarzmatt\\\/#breadcrumb\",\"itemListElement\":[{\"@type\":\"ListItem\",\"position\":1,\"name\":\"Startseite\",\"item\":\"https:\\\/\\\/www.schwarz-matt.com\\\/de\\\/\"},{\"@type\":\"ListItem\",\"position\":2,\"name\":\"Motion Designer Janno Buning neu im Team\"}]},{\"@type\":\"WebSite\",\"@id\":\"https:\\\/\\\/www.schwarz-matt.com\\\/de\\\/#website\",\"url\":\"https:\\\/\\\/www.schwarz-matt.com\\\/de\\\/\",\"name\":\"Schwarz+Matt\",\"description\":\"Marken f\u00fcr Morgen\",\"publisher\":{\"@id\":\"https:\\\/\\\/www.schwarz-matt.com\\\/de\\\/#organization\"},\"potentialAction\":[{\"@type\":\"SearchAction\",\"target\":{\"@type\":\"EntryPoint\",\"urlTemplate\":\"https:\\\/\\\/www.schwarz-matt.com\\\/de\\\/?s={search_term_string}\"},\"query-input\":{\"@type\":\"PropertyValueSpecification\",\"valueRequired\":true,\"valueName\":\"search_term_string\"}}],\"inLanguage\":\"de\"},{\"@type\":\"Organization\",\"@id\":\"https:\\\/\\\/www.schwarz-matt.com\\\/de\\\/#organization\",\"name\":\"Schwarz+Matt\",\"url\":\"https:\\\/\\\/www.schwarz-matt.com\\\/de\\\/\",\"logo\":{\"@type\":\"ImageObject\",\"inLanguage\":\"de\",\"@id\":\"https:\\\/\\\/www.schwarz-matt.com\\\/de\\\/#\\\/schema\\\/logo\\\/image\\\/\",\"url\":\"https:\\\/\\\/www.schwarz-matt.com\\\/wp-content\\\/uploads\\\/2021\\\/10\\\/schwarzmatt-logo.svg\",\"contentUrl\":\"https:\\\/\\\/www.schwarz-matt.com\\\/wp-content\\\/uploads\\\/2021\\\/10\\\/schwarzmatt-logo.svg\",\"width\":209,\"height\":24,\"caption\":\"Schwarz+Matt\"},\"image\":{\"@id\":\"https:\\\/\\\/www.schwarz-matt.com\\\/de\\\/#\\\/schema\\\/logo\\\/image\\\/\"},\"sameAs\":[\"https:\\\/\\\/www.instagram.com\\\/schwarzundmatt\\\/\",\"https:\\\/\\\/www.linkedin.com\\\/company\\\/10777030\\\/\"]},{\"@type\":\"Person\",\"@id\":\"https:\\\/\\\/www.schwarz-matt.com\\\/de\\\/#\\\/schema\\\/person\\\/ffd4baf0bdf99aec3fc1ec46a87a66b2\",\"name\":\"Sarah Bellini\",\"image\":{\"@type\":\"ImageObject\",\"inLanguage\":\"de\",\"@id\":\"https:\\\/\\\/secure.gravatar.com\\\/avatar\\\/843b9b0a8da7252e485f16703e4ff85efbd5c1a2b1945fffea6d4ea918be3467?s=96&d=mm&r=g\",\"url\":\"https:\\\/\\\/secure.gravatar.com\\\/avatar\\\/843b9b0a8da7252e485f16703e4ff85efbd5c1a2b1945fffea6d4ea918be3467?s=96&d=mm&r=g\",\"contentUrl\":\"https:\\\/\\\/secure.gravatar.com\\\/avatar\\\/843b9b0a8da7252e485f16703e4ff85efbd5c1a2b1945fffea6d4ea918be3467?s=96&d=mm&r=g\",\"caption\":\"Sarah Bellini\"}}]}<\/script>\n<!-- \/ Yoast SEO Premium plugin. -->","yoast_head_json":{"title":"Motion Designer Janno Buning neu im Team - Schwarz+Matt","description":"Der geb\u00fcrtige M\u00fcnsterl\u00e4nder konzipiert und gestaltet Motion Design f\u00fcr Social Media, Websites und Corporate Design.","robots":{"index":"index","follow":"follow","max-snippet":"max-snippet:-1","max-image-preview":"max-image-preview:large","max-video-preview":"max-video-preview:-1"},"canonical":"https:\/\/www.schwarz-matt.com\/de\/motion-designer-janno-buning-neu-bei-schwarzmatt\/","og_locale":"de_DE","og_type":"article","og_title":"Motion Designer Janno Buning neu im Team","og_description":"Der geb\u00fcrtige M\u00fcnsterl\u00e4nder konzipiert und gestaltet Motion Design f\u00fcr Social Media, Websites und Corporate Design.","og_url":"https:\/\/www.schwarz-matt.com\/de\/motion-designer-janno-buning-neu-bei-schwarzmatt\/","og_site_name":"Schwarz+Matt","article_published_time":"2025-12-10T13:06:11+00:00","article_modified_time":"2025-12-10T13:08:52+00:00","og_image":[{"width":1920,"height":1080,"url":"https:\/\/www.schwarz-matt.com\/wp-content\/uploads\/2025\/12\/SM-MA_Janno-Buning_16-9.webp","type":"image\/webp"}],"author":"Sarah Bellini","twitter_card":"summary_large_image","twitter_misc":{"Verfasst von":"Sarah Bellini","Gesch\u00e4tzte Lesezeit":"1\u00a0Minute"},"schema":{"@context":"https:\/\/schema.org","@graph":[{"@type":"Article","@id":"https:\/\/www.schwarz-matt.com\/de\/motion-designer-janno-buning-neu-bei-schwarzmatt\/#article","isPartOf":{"@id":"https:\/\/www.schwarz-matt.com\/de\/motion-designer-janno-buning-neu-bei-schwarzmatt\/"},"author":{"name":"Sarah Bellini","@id":"https:\/\/www.schwarz-matt.com\/de\/#\/schema\/person\/ffd4baf0bdf99aec3fc1ec46a87a66b2"},"headline":"Motion Designer Janno Buning neu im Team","datePublished":"2025-12-10T13:06:11+00:00","dateModified":"2025-12-10T13:08:52+00:00","mainEntityOfPage":{"@id":"https:\/\/www.schwarz-matt.com\/de\/motion-designer-janno-buning-neu-bei-schwarzmatt\/"},"wordCount":7,"publisher":{"@id":"https:\/\/www.schwarz-matt.com\/de\/#organization"},"image":{"@id":"https:\/\/www.schwarz-matt.com\/de\/motion-designer-janno-buning-neu-bei-schwarzmatt\/#primaryimage"},"thumbnailUrl":"https:\/\/www.schwarz-matt.com\/wp-content\/uploads\/2025\/12\/SM-MA_Janno-Buning_16-9.webp","articleSection":["News"],"inLanguage":"de"},{"@type":"WebPage","@id":"https:\/\/www.schwarz-matt.com\/de\/motion-designer-janno-buning-neu-bei-schwarzmatt\/","url":"https:\/\/www.schwarz-matt.com\/de\/motion-designer-janno-buning-neu-bei-schwarzmatt\/","name":"Motion Designer Janno Buning neu im Team - Schwarz+Matt","isPartOf":{"@id":"https:\/\/www.schwarz-matt.com\/de\/#website"},"primaryImageOfPage":{"@id":"https:\/\/www.schwarz-matt.com\/de\/motion-designer-janno-buning-neu-bei-schwarzmatt\/#primaryimage"},"image":{"@id":"https:\/\/www.schwarz-matt.com\/de\/motion-designer-janno-buning-neu-bei-schwarzmatt\/#primaryimage"},"thumbnailUrl":"https:\/\/www.schwarz-matt.com\/wp-content\/uploads\/2025\/12\/SM-MA_Janno-Buning_16-9.webp","datePublished":"2025-12-10T13:06:11+00:00","dateModified":"2025-12-10T13:08:52+00:00","description":"Der geb\u00fcrtige M\u00fcnsterl\u00e4nder konzipiert und gestaltet Motion Design f\u00fcr Social Media, Websites und Corporate Design.","breadcrumb":{"@id":"https:\/\/www.schwarz-matt.com\/de\/motion-designer-janno-buning-neu-bei-schwarzmatt\/#breadcrumb"},"inLanguage":"de","potentialAction":[{"@type":"ReadAction","target":["https:\/\/www.schwarz-matt.com\/de\/motion-designer-janno-buning-neu-bei-schwarzmatt\/"]}]},{"@type":"ImageObject","inLanguage":"de","@id":"https:\/\/www.schwarz-matt.com\/de\/motion-designer-janno-buning-neu-bei-schwarzmatt\/#primaryimage","url":"https:\/\/www.schwarz-matt.com\/wp-content\/uploads\/2025\/12\/SM-MA_Janno-Buning_16-9.webp","contentUrl":"https:\/\/www.schwarz-matt.com\/wp-content\/uploads\/2025\/12\/SM-MA_Janno-Buning_16-9.webp","width":1920,"height":1080},{"@type":"BreadcrumbList","@id":"https:\/\/www.schwarz-matt.com\/de\/motion-designer-janno-buning-neu-bei-schwarzmatt\/#breadcrumb","itemListElement":[{"@type":"ListItem","position":1,"name":"Startseite","item":"https:\/\/www.schwarz-matt.com\/de\/"},{"@type":"ListItem","position":2,"name":"Motion Designer Janno Buning neu im Team"}]},{"@type":"WebSite","@id":"https:\/\/www.schwarz-matt.com\/de\/#website","url":"https:\/\/www.schwarz-matt.com\/de\/","name":"Schwarz+Matt","description":"Marken f\u00fcr Morgen","publisher":{"@id":"https:\/\/www.schwarz-matt.com\/de\/#organization"},"potentialAction":[{"@type":"SearchAction","target":{"@type":"EntryPoint","urlTemplate":"https:\/\/www.schwarz-matt.com\/de\/?s={search_term_string}"},"query-input":{"@type":"PropertyValueSpecification","valueRequired":true,"valueName":"search_term_string"}}],"inLanguage":"de"},{"@type":"Organization","@id":"https:\/\/www.schwarz-matt.com\/de\/#organization","name":"Schwarz+Matt","url":"https:\/\/www.schwarz-matt.com\/de\/","logo":{"@type":"ImageObject","inLanguage":"de","@id":"https:\/\/www.schwarz-matt.com\/de\/#\/schema\/logo\/image\/","url":"https:\/\/www.schwarz-matt.com\/wp-content\/uploads\/2021\/10\/schwarzmatt-logo.svg","contentUrl":"https:\/\/www.schwarz-matt.com\/wp-content\/uploads\/2021\/10\/schwarzmatt-logo.svg","width":209,"height":24,"caption":"Schwarz+Matt"},"image":{"@id":"https:\/\/www.schwarz-matt.com\/de\/#\/schema\/logo\/image\/"},"sameAs":["https:\/\/www.instagram.com\/schwarzundmatt\/","https:\/\/www.linkedin.com\/company\/10777030\/"]},{"@type":"Person","@id":"https:\/\/www.schwarz-matt.com\/de\/#\/schema\/person\/ffd4baf0bdf99aec3fc1ec46a87a66b2","name":"Sarah Bellini","image":{"@type":"ImageObject","inLanguage":"de","@id":"https:\/\/secure.gravatar.com\/avatar\/843b9b0a8da7252e485f16703e4ff85efbd5c1a2b1945fffea6d4ea918be3467?s=96&d=mm&r=g","url":"https:\/\/secure.gravatar.com\/avatar\/843b9b0a8da7252e485f16703e4ff85efbd5c1a2b1945fffea6d4ea918be3467?s=96&d=mm&r=g","contentUrl":"https:\/\/secure.gravatar.com\/avatar\/843b9b0a8da7252e485f16703e4ff85efbd5c1a2b1945fffea6d4ea918be3467?s=96&d=mm&r=g","caption":"Sarah Bellini"}}]}},"_links":{"self":[{"href":"https:\/\/www.schwarz-matt.com\/de\/wp-json\/wp\/v2\/posts\/40902","targetHints":{"allow":["GET"]}}],"collection":[{"href":"https:\/\/www.schwarz-matt.com\/de\/wp-json\/wp\/v2\/posts"}],"about":[{"href":"https:\/\/www.schwarz-matt.com\/de\/wp-json\/wp\/v2\/types\/post"}],"author":[{"embeddable":true,"href":"https:\/\/www.schwarz-matt.com\/de\/wp-json\/wp\/v2\/users\/23"}],"replies":[{"embeddable":true,"href":"https:\/\/www.schwarz-matt.com\/de\/wp-json\/wp\/v2\/comments?post=40902"}],"version-history":[{"count":2,"href":"https:\/\/www.schwarz-matt.com\/de\/wp-json\/wp\/v2\/posts\/40902\/revisions"}],"predecessor-version":[{"id":40905,"href":"https:\/\/www.schwarz-matt.com\/de\/wp-json\/wp\/v2\/posts\/40902\/revisions\/40905"}],"wp:featuredmedia":[{"embeddable":true,"href":"https:\/\/www.schwarz-matt.com\/de\/wp-json\/wp\/v2\/media\/40870"}],"wp:attachment":[{"href":"https:\/\/www.schwarz-matt.com\/de\/wp-json\/wp\/v2\/media?parent=40902"}],"wp:term":[{"taxonomy":"category","embeddable":true,"href":"https:\/\/www.schwarz-matt.com\/de\/wp-json\/wp\/v2\/categories?post=40902"},{"taxonomy":"post_tag","embeddable":true,"href":"https:\/\/www.schwarz-matt.com\/de\/wp-json\/wp\/v2\/tags?post=40902"}],"curies":[{"name":"wp","href":"https:\/\/api.w.org\/{rel}","templated":true}]}}